{"id":22771,"date":"2024-05-10T17:46:00","date_gmt":"2024-05-10T17:46:00","guid":{"rendered":"https:\/\/nk5.es\/nk5-y-arena-estrenan-su-fondo-inmobiliario-con-la-compra-de-un-complejo-residencial-a-sareb\/"},"modified":"2026-03-06T09:35:35","modified_gmt":"2026-03-06T09:35:35","slug":"nk5-y-arena-estrenan-su-fondo-inmobiliario-con-la-compra-de-un-complejo-residencial-a-sareb","status":"publish","type":"post","link":"https:\/\/nk5.es\/en\/nk5-y-arena-estrenan-su-fondo-inmobiliario-con-la-compra-de-un-complejo-residencial-a-sareb\/","title":{"rendered":"NK5 y Arena estrenan su fondo inmobiliario con la compra de un complejo residencial a Sareb"},"content":{"rendered":"\r\n<p><strong>NK5<\/strong>, la firma espa\u00f1ola especializada en reestructuraci\u00f3n e inversi\u00f3n capitaneada por Juan Jos\u00e9 Nieto, y\u00a0<strong>Arena Holdings<\/strong>, gestora habituada a operaciones especiales, acaban de cerrar la primera operaci\u00f3n de su\u00a0<em>join venture<\/em>\u00a0(JV) inmobiliaria.\u00a0<strong>Arena NK5 Real Estate Opportunities<\/strong>, como as\u00ed se denomina a la aventura empresarial de ambos inversores, ha cerrado la compra de un complejo residencial de 39 viviendas a\u00a0<strong>Sareb<\/strong>, en el marco de la b\u00fasqueda de oportunidades en el mercado inmobiliario espa\u00f1ol con activos en\u00a0<em>distress<\/em>.<\/p>\r\n\r\n\r\n\r\n<p>La alianza estrat\u00e9gica, en la que el grupo extranjero fundado por&nbsp;<strong>The Westaim Corporation<\/strong>&nbsp;es accionista mayoritario y el nacional ejerce de&nbsp;<em>operating partner<\/em>, adem\u00e1s de inversor minoritario, ha tomado carta de naturaleza con la compra de un activo ubicado en Catalu\u00f1a,&nbsp;<strong>cuyo valor es de 5,5 millones de euros<\/strong>, seg\u00fan las fuentes consultadas por&nbsp;<em>elEconomista.es<\/em>.<\/p>\r\n\r\n\r\n\r\n<p>NK5 y Arena, sin embargo, tienen un objetivo inicial de despliegue de capital es de\u00a0<strong>50 millones de d\u00f3lares en 6-12 meses desde septiembre,\u00a0<\/strong>fecha en la que se lanz\u00f3 el fondo, con la intenci\u00f3n dede aumentar en funci\u00f3n de las oportunidades disponibles. El fondo tiene una capacidad m\u00e1xima de 100 millones de euros y los tickets habituales de las operaciones rondan entre los cinco y los 25 millones de euros.<\/p>\r\n\r\n\r\n\r\n<p>Esta capacidad lleva a los dos socios a seguir buscando nuevas oportunidades, manteniendo siempre el foco en la geograf\u00eda nacional.&nbsp;<strong>Algunas de las potenciales nuevas operaciones est\u00e1n cerca de materializarse nuevamente en la regi\u00f3n de Catalu\u00f1a<\/strong>, si bien en el radar tambi\u00e9n aparecen activos en Andaluc\u00eda.<\/p>\r\n\r\n\r\n\r\n<p>Por un lado,<strong>&nbsp;la alianza para Arena refuerza su presencia en el sector inmobiliario del sur de Europa<\/strong>. El grupo inversor, que tiene al ejecutivo espa\u00f1ol Pablo Fraga como director general de inversiones privadas europeas, ha acometido otras operaciones de financiaci\u00f3n en&nbsp;<strong>el inmobiliario espa\u00f1ol en provincias como M\u00e1laga<\/strong>&nbsp;o ciudades como&nbsp;<strong>Mallorca&nbsp;<\/strong>en a\u00f1os anteriores a trav\u00e9s de pr\u00e9stamos con deuda privilegiada (<em>1st lien<\/em>) en ingl\u00e9s.<\/p>\r\n\r\n\r\n\r\n<p>NK5, por su parte, estrena su&nbsp;<em>join venture<\/em>&nbsp;inmobiliaria despu\u00e9s de haber explorado otras alianzas en el sector inmobiliario.&nbsp;<strong>En 2020, aprovechando el cambio de ciclo econ\u00f3mico provocado por la crisis sanitaria del coronavirus<\/strong>, la firma especializada en servicios de reestructuraci\u00f3n lanz\u00f3 un veh\u00edculo de 150 millones para invertir en este caso en activos hoteleros y tur\u00edsticos.<\/p>\r\n","protected":false},"excerpt":{"rendered":"<p>NK5, la firma espa\u00f1ola especializada en reestructuraci\u00f3n e inversi\u00f3n capitaneada por Juan Jos\u00e9 Nieto, y\u00a0Arena Holdings, gestora habituada a operaciones especiales, acaban de cerrar la primera operaci\u00f3n de su\u00a0join venture\u00a0(JV) inmobiliaria.\u00a0Arena NK5 Real Estate Opportunities, como as\u00ed se denomina a la aventura empresarial de ambos inversores, ha cerrado la compra de un complejo residencial de [&hellip;]<\/p>\n","protected":false},"author":4,"featured_media":18847,"comment_status":"open","ping_status":"open","sticky":false,"template":"","format":"standard","meta":{"footnotes":""},"categories":[2],"tags":[],"acf":[],"yoast_head":"<!-- This site is optimized with the Yoast SEO plugin v22.6 - https:\/\/yoast.com\/wordpress\/plugins\/seo\/ -->\n<title>NK5 y Arena estrenan su fondo inmobiliario con la compra de un complejo residencial a Sareb - NK5<\/title>\n<meta name=\"description\" content=\"Cierra su primera operaci\u00f3n en Catalu\u00f1a y analiza nuevas inversiones en Andaluc\u00eda\" \/>\n<meta name=\"robots\" content=\"index, follow, max-snippet:-1, max-image-preview:large, max-video-preview:-1\" \/>\n<link rel=\"canonical\" href=\"https:\/\/nk5.es\/en\/nk5-y-arena-estrenan-su-fondo-inmobiliario-con-la-compra-de-un-complejo-residencial-a-sareb\/\" \/>\n<meta property=\"og:locale\" content=\"en_US\" \/>\n<meta property=\"og:type\" content=\"article\" \/>\n<meta property=\"og:title\" content=\"NK5 y Arena estrenan su fondo inmobiliario con la compra de un complejo residencial a Sareb - NK5\" \/>\n<meta property=\"og:description\" content=\"Cierra su primera operaci\u00f3n en Catalu\u00f1a y analiza nuevas inversiones en Andaluc\u00eda\" \/>\n<meta property=\"og:url\" content=\"https:\/\/nk5.es\/en\/nk5-y-arena-estrenan-su-fondo-inmobiliario-con-la-compra-de-un-complejo-residencial-a-sareb\/\" \/>\n<meta property=\"og:site_name\" content=\"NK5\" \/>\n<meta property=\"article:published_time\" content=\"2024-05-10T17:46:00+00:00\" \/>\n<meta property=\"article:modified_time\" content=\"2026-03-06T09:35:35+00:00\" \/>\n<meta property=\"og:image\" content=\"https:\/\/nk5.es\/wp-content\/uploads\/2024\/10\/nk5arena.jpg\" \/>\n\t<meta property=\"og:image:width\" content=\"1200\" \/>\n\t<meta property=\"og:image:height\" content=\"655\" \/>\n\t<meta property=\"og:image:type\" content=\"image\/jpeg\" \/>\n<meta name=\"author\" content=\"nacho.arrizabalaga@gmail.com\" \/>\n<meta name=\"twitter:card\" content=\"summary_large_image\" \/>\n<meta name=\"twitter:label1\" content=\"Written by\" \/>\n\t<meta name=\"twitter:data1\" content=\"nacho.arrizabalaga@gmail.com\" \/>\n\t<meta name=\"twitter:label2\" content=\"Est. reading time\" \/>\n\t<meta name=\"twitter:data2\" content=\"2 minutes\" \/>\n<script type=\"application\/ld+json\" class=\"yoast-schema-graph\">{\"@context\":\"https:\/\/schema.org\",\"@graph\":[{\"@type\":\"Article\",\"@id\":\"https:\/\/nk5.es\/en\/nk5-y-arena-estrenan-su-fondo-inmobiliario-con-la-compra-de-un-complejo-residencial-a-sareb\/#article\",\"isPartOf\":{\"@id\":\"https:\/\/nk5.es\/en\/nk5-y-arena-estrenan-su-fondo-inmobiliario-con-la-compra-de-un-complejo-residencial-a-sareb\/\"},\"author\":{\"name\":\"nacho.arrizabalaga@gmail.com\",\"@id\":\"https:\/\/nk5.es\/en\/#\/schema\/person\/6cea63848dc0d7f25c3e3af3bb2575e0\"},\"headline\":\"NK5 y Arena estrenan su fondo inmobiliario con la compra de un complejo residencial a Sareb\",\"datePublished\":\"2024-05-10T17:46:00+00:00\",\"dateModified\":\"2026-03-06T09:35:35+00:00\",\"mainEntityOfPage\":{\"@id\":\"https:\/\/nk5.es\/en\/nk5-y-arena-estrenan-su-fondo-inmobiliario-con-la-compra-de-un-complejo-residencial-a-sareb\/\"},\"wordCount\":434,\"commentCount\":0,\"publisher\":{\"@id\":\"https:\/\/nk5.es\/en\/#organization\"},\"image\":{\"@id\":\"https:\/\/nk5.es\/en\/nk5-y-arena-estrenan-su-fondo-inmobiliario-con-la-compra-de-un-complejo-residencial-a-sareb\/#primaryimage\"},\"thumbnailUrl\":\"https:\/\/nk5.es\/wp-content\/uploads\/2024\/10\/nk5arena.jpg\",\"inLanguage\":\"en-US\",\"potentialAction\":[{\"@type\":\"CommentAction\",\"name\":\"Comment\",\"target\":[\"https:\/\/nk5.es\/en\/nk5-y-arena-estrenan-su-fondo-inmobiliario-con-la-compra-de-un-complejo-residencial-a-sareb\/#respond\"]}]},{\"@type\":\"WebPage\",\"@id\":\"https:\/\/nk5.es\/en\/nk5-y-arena-estrenan-su-fondo-inmobiliario-con-la-compra-de-un-complejo-residencial-a-sareb\/\",\"url\":\"https:\/\/nk5.es\/en\/nk5-y-arena-estrenan-su-fondo-inmobiliario-con-la-compra-de-un-complejo-residencial-a-sareb\/\",\"name\":\"NK5 y Arena estrenan su fondo inmobiliario con la compra de un complejo residencial a Sareb - NK5\",\"isPartOf\":{\"@id\":\"https:\/\/nk5.es\/en\/#website\"},\"primaryImageOfPage\":{\"@id\":\"https:\/\/nk5.es\/en\/nk5-y-arena-estrenan-su-fondo-inmobiliario-con-la-compra-de-un-complejo-residencial-a-sareb\/#primaryimage\"},\"image\":{\"@id\":\"https:\/\/nk5.es\/en\/nk5-y-arena-estrenan-su-fondo-inmobiliario-con-la-compra-de-un-complejo-residencial-a-sareb\/#primaryimage\"},\"thumbnailUrl\":\"https:\/\/nk5.es\/wp-content\/uploads\/2024\/10\/nk5arena.jpg\",\"datePublished\":\"2024-05-10T17:46:00+00:00\",\"dateModified\":\"2026-03-06T09:35:35+00:00\",\"description\":\"Cierra su primera operaci\u00f3n en Catalu\u00f1a y analiza nuevas inversiones en Andaluc\u00eda\",\"breadcrumb\":{\"@id\":\"https:\/\/nk5.es\/en\/nk5-y-arena-estrenan-su-fondo-inmobiliario-con-la-compra-de-un-complejo-residencial-a-sareb\/#breadcrumb\"},\"inLanguage\":\"en-US\",\"potentialAction\":[{\"@type\":\"ReadAction\",\"target\":[\"https:\/\/nk5.es\/en\/nk5-y-arena-estrenan-su-fondo-inmobiliario-con-la-compra-de-un-complejo-residencial-a-sareb\/\"]}]},{\"@type\":\"ImageObject\",\"inLanguage\":\"en-US\",\"@id\":\"https:\/\/nk5.es\/en\/nk5-y-arena-estrenan-su-fondo-inmobiliario-con-la-compra-de-un-complejo-residencial-a-sareb\/#primaryimage\",\"url\":\"https:\/\/nk5.es\/wp-content\/uploads\/2024\/10\/nk5arena.jpg\",\"contentUrl\":\"https:\/\/nk5.es\/wp-content\/uploads\/2024\/10\/nk5arena.jpg\",\"width\":1200,\"height\":655,\"caption\":\"Juan Jos\u00e9 Nieto\"},{\"@type\":\"BreadcrumbList\",\"@id\":\"https:\/\/nk5.es\/en\/nk5-y-arena-estrenan-su-fondo-inmobiliario-con-la-compra-de-un-complejo-residencial-a-sareb\/#breadcrumb\",\"itemListElement\":[{\"@type\":\"ListItem\",\"position\":1,\"name\":\"Home\",\"item\":\"https:\/\/nk5.es\/en\/\"},{\"@type\":\"ListItem\",\"position\":2,\"name\":\"NK5 y Arena estrenan su fondo inmobiliario con la compra de un complejo residencial a Sareb\"}]},{\"@type\":\"WebSite\",\"@id\":\"https:\/\/nk5.es\/en\/#website\",\"url\":\"https:\/\/nk5.es\/en\/\",\"name\":\"NK5\",\"description\":\"Reestructuraci\u00f3n empresarial y turnaround\",\"publisher\":{\"@id\":\"https:\/\/nk5.es\/en\/#organization\"},\"potentialAction\":[{\"@type\":\"SearchAction\",\"target\":{\"@type\":\"EntryPoint\",\"urlTemplate\":\"https:\/\/nk5.es\/en\/?s={search_term_string}\"},\"query-input\":\"required name=search_term_string\"}],\"inLanguage\":\"en-US\"},{\"@type\":\"Organization\",\"@id\":\"https:\/\/nk5.es\/en\/#organization\",\"name\":\"NK5 \u2013 Reestructuraci\u00f3n empresarial y turnaround\",\"url\":\"https:\/\/nk5.es\/en\/\",\"logo\":{\"@type\":\"ImageObject\",\"inLanguage\":\"en-US\",\"@id\":\"https:\/\/nk5.es\/en\/#\/schema\/logo\/image\/\",\"url\":\"https:\/\/nk5.es\/wp-content\/uploads\/2022\/06\/medios-nk5.jpg\",\"contentUrl\":\"https:\/\/nk5.es\/wp-content\/uploads\/2022\/06\/medios-nk5.jpg\",\"width\":960,\"height\":600,\"caption\":\"NK5 \u2013 Reestructuraci\u00f3n empresarial y turnaround\"},\"image\":{\"@id\":\"https:\/\/nk5.es\/en\/#\/schema\/logo\/image\/\"}},{\"@type\":\"Person\",\"@id\":\"https:\/\/nk5.es\/en\/#\/schema\/person\/6cea63848dc0d7f25c3e3af3bb2575e0\",\"name\":\"nacho.arrizabalaga@gmail.com\",\"image\":{\"@type\":\"ImageObject\",\"inLanguage\":\"en-US\",\"@id\":\"https:\/\/nk5.es\/en\/#\/schema\/person\/image\/\",\"url\":\"https:\/\/secure.gravatar.com\/avatar\/b96abf1f427d50f8ef93cb0286cf2f3d?s=96&d=mm&r=g\",\"contentUrl\":\"https:\/\/secure.gravatar.com\/avatar\/b96abf1f427d50f8ef93cb0286cf2f3d?s=96&d=mm&r=g\",\"caption\":\"nacho.arrizabalaga@gmail.com\"}}]}<\/script>\n<!-- \/ Yoast SEO plugin. -->","yoast_head_json":{"title":"NK5 y Arena estrenan su fondo inmobiliario con la compra de un complejo residencial a Sareb - NK5","description":"Cierra su primera operaci\u00f3n en Catalu\u00f1a y analiza nuevas inversiones en Andaluc\u00eda","robots":{"index":"index","follow":"follow","max-snippet":"max-snippet:-1","max-image-preview":"max-image-preview:large","max-video-preview":"max-video-preview:-1"},"canonical":"https:\/\/nk5.es\/en\/nk5-y-arena-estrenan-su-fondo-inmobiliario-con-la-compra-de-un-complejo-residencial-a-sareb\/","og_locale":"en_US","og_type":"article","og_title":"NK5 y Arena estrenan su fondo inmobiliario con la compra de un complejo residencial a Sareb - NK5","og_description":"Cierra su primera operaci\u00f3n en Catalu\u00f1a y analiza nuevas inversiones en Andaluc\u00eda","og_url":"https:\/\/nk5.es\/en\/nk5-y-arena-estrenan-su-fondo-inmobiliario-con-la-compra-de-un-complejo-residencial-a-sareb\/","og_site_name":"NK5","article_published_time":"2024-05-10T17:46:00+00:00","article_modified_time":"2026-03-06T09:35:35+00:00","og_image":[{"width":1200,"height":655,"url":"https:\/\/nk5.es\/wp-content\/uploads\/2024\/10\/nk5arena.jpg","type":"image\/jpeg"}],"author":"nacho.arrizabalaga@gmail.com","twitter_card":"summary_large_image","twitter_misc":{"Written by":"nacho.arrizabalaga@gmail.com","Est. reading time":"2 minutes"},"schema":{"@context":"https:\/\/schema.org","@graph":[{"@type":"Article","@id":"https:\/\/nk5.es\/en\/nk5-y-arena-estrenan-su-fondo-inmobiliario-con-la-compra-de-un-complejo-residencial-a-sareb\/#article","isPartOf":{"@id":"https:\/\/nk5.es\/en\/nk5-y-arena-estrenan-su-fondo-inmobiliario-con-la-compra-de-un-complejo-residencial-a-sareb\/"},"author":{"name":"nacho.arrizabalaga@gmail.com","@id":"https:\/\/nk5.es\/en\/#\/schema\/person\/6cea63848dc0d7f25c3e3af3bb2575e0"},"headline":"NK5 y Arena estrenan su fondo inmobiliario con la compra de un complejo residencial a Sareb","datePublished":"2024-05-10T17:46:00+00:00","dateModified":"2026-03-06T09:35:35+00:00","mainEntityOfPage":{"@id":"https:\/\/nk5.es\/en\/nk5-y-arena-estrenan-su-fondo-inmobiliario-con-la-compra-de-un-complejo-residencial-a-sareb\/"},"wordCount":434,"commentCount":0,"publisher":{"@id":"https:\/\/nk5.es\/en\/#organization"},"image":{"@id":"https:\/\/nk5.es\/en\/nk5-y-arena-estrenan-su-fondo-inmobiliario-con-la-compra-de-un-complejo-residencial-a-sareb\/#primaryimage"},"thumbnailUrl":"https:\/\/nk5.es\/wp-content\/uploads\/2024\/10\/nk5arena.jpg","inLanguage":"en-US","potentialAction":[{"@type":"CommentAction","name":"Comment","target":["https:\/\/nk5.es\/en\/nk5-y-arena-estrenan-su-fondo-inmobiliario-con-la-compra-de-un-complejo-residencial-a-sareb\/#respond"]}]},{"@type":"WebPage","@id":"https:\/\/nk5.es\/en\/nk5-y-arena-estrenan-su-fondo-inmobiliario-con-la-compra-de-un-complejo-residencial-a-sareb\/","url":"https:\/\/nk5.es\/en\/nk5-y-arena-estrenan-su-fondo-inmobiliario-con-la-compra-de-un-complejo-residencial-a-sareb\/","name":"NK5 y Arena estrenan su fondo inmobiliario con la compra de un complejo residencial a Sareb - NK5","isPartOf":{"@id":"https:\/\/nk5.es\/en\/#website"},"primaryImageOfPage":{"@id":"https:\/\/nk5.es\/en\/nk5-y-arena-estrenan-su-fondo-inmobiliario-con-la-compra-de-un-complejo-residencial-a-sareb\/#primaryimage"},"image":{"@id":"https:\/\/nk5.es\/en\/nk5-y-arena-estrenan-su-fondo-inmobiliario-con-la-compra-de-un-complejo-residencial-a-sareb\/#primaryimage"},"thumbnailUrl":"https:\/\/nk5.es\/wp-content\/uploads\/2024\/10\/nk5arena.jpg","datePublished":"2024-05-10T17:46:00+00:00","dateModified":"2026-03-06T09:35:35+00:00","description":"Cierra su primera operaci\u00f3n en Catalu\u00f1a y analiza nuevas inversiones en Andaluc\u00eda","breadcrumb":{"@id":"https:\/\/nk5.es\/en\/nk5-y-arena-estrenan-su-fondo-inmobiliario-con-la-compra-de-un-complejo-residencial-a-sareb\/#breadcrumb"},"inLanguage":"en-US","potentialAction":[{"@type":"ReadAction","target":["https:\/\/nk5.es\/en\/nk5-y-arena-estrenan-su-fondo-inmobiliario-con-la-compra-de-un-complejo-residencial-a-sareb\/"]}]},{"@type":"ImageObject","inLanguage":"en-US","@id":"https:\/\/nk5.es\/en\/nk5-y-arena-estrenan-su-fondo-inmobiliario-con-la-compra-de-un-complejo-residencial-a-sareb\/#primaryimage","url":"https:\/\/nk5.es\/wp-content\/uploads\/2024\/10\/nk5arena.jpg","contentUrl":"https:\/\/nk5.es\/wp-content\/uploads\/2024\/10\/nk5arena.jpg","width":1200,"height":655,"caption":"Juan Jos\u00e9 Nieto"},{"@type":"BreadcrumbList","@id":"https:\/\/nk5.es\/en\/nk5-y-arena-estrenan-su-fondo-inmobiliario-con-la-compra-de-un-complejo-residencial-a-sareb\/#breadcrumb","itemListElement":[{"@type":"ListItem","position":1,"name":"Home","item":"https:\/\/nk5.es\/en\/"},{"@type":"ListItem","position":2,"name":"NK5 y Arena estrenan su fondo inmobiliario con la compra de un complejo residencial a Sareb"}]},{"@type":"WebSite","@id":"https:\/\/nk5.es\/en\/#website","url":"https:\/\/nk5.es\/en\/","name":"NK5","description":"Reestructuraci\u00f3n empresarial y turnaround","publisher":{"@id":"https:\/\/nk5.es\/en\/#organization"},"potentialAction":[{"@type":"SearchAction","target":{"@type":"EntryPoint","urlTemplate":"https:\/\/nk5.es\/en\/?s={search_term_string}"},"query-input":"required name=search_term_string"}],"inLanguage":"en-US"},{"@type":"Organization","@id":"https:\/\/nk5.es\/en\/#organization","name":"NK5 \u2013 Reestructuraci\u00f3n empresarial y turnaround","url":"https:\/\/nk5.es\/en\/","logo":{"@type":"ImageObject","inLanguage":"en-US","@id":"https:\/\/nk5.es\/en\/#\/schema\/logo\/image\/","url":"https:\/\/nk5.es\/wp-content\/uploads\/2022\/06\/medios-nk5.jpg","contentUrl":"https:\/\/nk5.es\/wp-content\/uploads\/2022\/06\/medios-nk5.jpg","width":960,"height":600,"caption":"NK5 \u2013 Reestructuraci\u00f3n empresarial y turnaround"},"image":{"@id":"https:\/\/nk5.es\/en\/#\/schema\/logo\/image\/"}},{"@type":"Person","@id":"https:\/\/nk5.es\/en\/#\/schema\/person\/6cea63848dc0d7f25c3e3af3bb2575e0","name":"nacho.arrizabalaga@gmail.com","image":{"@type":"ImageObject","inLanguage":"en-US","@id":"https:\/\/nk5.es\/en\/#\/schema\/person\/image\/","url":"https:\/\/secure.gravatar.com\/avatar\/b96abf1f427d50f8ef93cb0286cf2f3d?s=96&d=mm&r=g","contentUrl":"https:\/\/secure.gravatar.com\/avatar\/b96abf1f427d50f8ef93cb0286cf2f3d?s=96&d=mm&r=g","caption":"nacho.arrizabalaga@gmail.com"}}]}},"_links":{"self":[{"href":"https:\/\/nk5.es\/en\/wp-json\/wp\/v2\/posts\/22771"}],"collection":[{"href":"https:\/\/nk5.es\/en\/wp-json\/wp\/v2\/posts"}],"about":[{"href":"https:\/\/nk5.es\/en\/wp-json\/wp\/v2\/types\/post"}],"author":[{"embeddable":true,"href":"https:\/\/nk5.es\/en\/wp-json\/wp\/v2\/users\/4"}],"replies":[{"embeddable":true,"href":"https:\/\/nk5.es\/en\/wp-json\/wp\/v2\/comments?post=22771"}],"version-history":[{"count":1,"href":"https:\/\/nk5.es\/en\/wp-json\/wp\/v2\/posts\/22771\/revisions"}],"predecessor-version":[{"id":22772,"href":"https:\/\/nk5.es\/en\/wp-json\/wp\/v2\/posts\/22771\/revisions\/22772"}],"wp:featuredmedia":[{"embeddable":true,"href":"https:\/\/nk5.es\/en\/wp-json\/wp\/v2\/media\/18847"}],"wp:attachment":[{"href":"https:\/\/nk5.es\/en\/wp-json\/wp\/v2\/media?parent=22771"}],"wp:term":[{"taxonomy":"category","embeddable":true,"href":"https:\/\/nk5.es\/en\/wp-json\/wp\/v2\/categories?post=22771"},{"taxonomy":"post_tag","embeddable":true,"href":"https:\/\/nk5.es\/en\/wp-json\/wp\/v2\/tags?post=22771"}],"curies":[{"name":"wp","href":"https:\/\/api.w.org\/{rel}","templated":true}]}}