{"id":22783,"date":"2024-11-19T07:39:44","date_gmt":"2024-11-19T07:39:44","guid":{"rendered":"https:\/\/nk5.es\/svenson-renace-de-la-mano-de-nk5\/"},"modified":"2026-03-06T09:39:17","modified_gmt":"2026-03-06T09:39:17","slug":"svenson-renace-de-la-mano-de-nk5","status":"publish","type":"post","link":"https:\/\/nk5.es\/en\/svenson-renace-de-la-mano-de-nk5\/","title":{"rendered":"Svenson renace de la mano de NK5"},"content":{"rendered":"\r\n<p><strong>NK5 adquiri\u00f3 Svenson tras un proceso que dur\u00f3 casi 8 meses, \u00bfcu\u00e1l fue la oferta final? Manuel Roca de Togores: <\/strong>El proceso fue m\u00e1s largo de lo que inicialmente esper\u00e1bamos. Entramos a analizar la compa\u00f1\u00eda a finales de octubre y en enero hicimos la oferta vinculante. Fue una oferta por la unidad productiva por alrededor de \u20ac13M y se adjudic\u00f3 el 30 de junio \u00bfPor qu\u00e9 lanzamos una oferta por la unidad productiva? Svenson, era una compa\u00f1\u00eda con un problema financiero: una gran deuda heredada de la venta del anterior propietario, un fondo de private equity. En 2019, el grupo inici\u00f3 diferentes reestructuraciones con fondos de deuda, pero lleg\u00f3 el Covid y, al ser un negocio que requiere presencialidad, su situaci\u00f3n financiera se agrav\u00f3 a\u00fan m\u00e1s. Ten\u00edamos claro que con la operaci\u00f3n se deb\u00eda producir un <em>write-off<\/em> de todo tipo de pasivos. Actualmente, hablamos ya de un negocio sin deuda financiera y con una buena parte de su deuda operativa negociada. Hemos asumido deuda con los principales proveedores, todos los pasivos relacionados con clientes y pasivos laborales del per\u00edmetro del negocio adquirido y hemos proporcionado financiaci\u00f3n para relanzar la actividad.<\/p>\r\n\r\n\r\n\r\n<p>Es un negocio sano, porque delimitamos un per\u00edmetro con la capacidad de tener un ebitda positivo neutro y una plataforma sobre la que poder crecer. La alta recurrencia de nuestra base de clientes facilita la renovaci\u00f3n del negocio. Adem\u00e1s, la gama de productos es muy extensa<br>y de muy buena calidad. La oferta incluy\u00f3 una reestructuraci\u00f3n del personal, manteniendo al 90% de la plantilla, y una reorganizaci\u00f3n de la red de cl\u00ednicas, excluyendo cuatro de ellas. Esta primera fase de reestructuraci\u00f3n operativa nos ha permitido enfocarnos mejor en el negocio.<\/p>\r\n\r\n\r\n\r\n<p><strong>Aunque hubo inter\u00e9s de otros inversores, finalmente no concurrieron otras ofertas competidoras, \u00bfpor qu\u00e9?<br>MRT: <\/strong>Las necesidades de una compa\u00f1\u00eda en concurso son muy cambiantes y hay que tener muy clara la definici\u00f3n del per\u00edmetro de negocio que necesitas asumir, las necesidades del mismo y tener previstos mecanismos de control durante todo el proceso. La compra de un negocio tiene tambi\u00e9n complicaciones adicionales a las de una adquisici\u00f3n societaria, lo que hace que no todos los actores del mercado puedan acceder a este tipo de transacciones. En realidad, no hemos sido los \u00fanicos que han analizado Svenson: algunos grupos interesados lo descartaron por motivos diversos, muchos de los cuales dependen de la naturaleza de cada inversor. Nosotros identificamos c\u00f3mo resolver buena parte de esos factores de complejidad que ten\u00eda la compa\u00f1\u00eda para, a partir de ah\u00ed, poder crecer. Tambi\u00e9n contamos con la colaboraci\u00f3n de los anteriores gestores y propietarios, con los que nos entendimos muy bien y, posteriormente, con la administraci\u00f3n concursal, que gestion\u00f3 adecuadamente el proceso.<\/p>\r\n\r\n\r\n\r\n<p><strong>\u00bfCu\u00e1les eran esos factores a los que se ten\u00eda que dar soluci\u00f3n?<br>MRT: <\/strong>Svenson es la mejor compa\u00f1\u00eda del sector, con la mejor marca. De hecho, casi la \u00fanica reconocida en el mercado. Adem\u00e1s, es la compa\u00f1\u00eda con un mayor n\u00famero de centros, un total de 30 cl\u00ednicas, y una gama de productos que cubre todo el espectro de tratamiento capilar para hombres y mujeres. No obstante, estaba poco invertida desde hac\u00eda mucho tiempo. Desde nuestra entrada hemos reforzado la inversi\u00f3n en publicidad, el equipo de marketing del grupo, adem\u00e1s de reforzar el control financiero. La forma en la que se vende es muy diferente ahora a hace cinco a\u00f1os. El reto es volver a poner en valor las principales virtudes de la compa\u00f1\u00eda: marca, m\u00e1s centros, m\u00e1s servicios y de la mejor calidad.<\/p>\r\n\r\n\r\n\r\n<p><strong>\u00bfQu\u00e9 llev\u00f3 a Svenson al concurso de acreedores?<br>MRT: <\/strong>Svenson ten\u00eda una carga de deuda muy sobredimensionada, heredada de procesos de expansi\u00f3n de muchos a\u00f1os atr\u00e1s. Este exceso de deuda, reestructurado en varias ocasiones, junto con el impacto de un golpe muy fuerte operativo derivado de la pandemia, no permiti\u00f3 que el negocio se recuperara. Adem\u00e1s, hab\u00eda cierta reestructuraci\u00f3n operativa que no se pudo llevar a cabo por falta de caja, por lo que la relaci\u00f3n deuda \/ ebitda, cuando comenzamos a analizar la compa\u00f1\u00eda, era ya completamente insostenible.<\/p>\r\n\r\n\r\n\r\n<p><strong>El equipo directivo de Svenson acaba de reforzarse con la incorporaci\u00f3n de David Villarino como nuevo Director General&#8230; Juan Jos\u00e9 Nieto: <\/strong>Busc\u00e1bamos un perfil muy enfocado en ventas, que uniera capacidad de gesti\u00f3n de una red, esto es, nuestros centros, con la capacidad de impulsar y llevar a Svenson hacia las nuevas formas en las que se conoce y reconoce a la compa\u00f1\u00eda. David, tanto por su experiencia en su anterior posici\u00f3n donde ya gestionaba red de ventas, marketing y comunicaci\u00f3n, como por su perfil integrador, es la persona que re\u00fane todas estas necesidades. Adem\u00e1s, reforzamos tambi\u00e9n el \u00e1rea financiera con la entrada de un CFO en la persona de F\u00e9lix M\u00ednguez. La combinaci\u00f3n de ambos perfiles es, sin duda, ganadora.<\/p>\r\n\r\n\r\n\r\n<p><strong>Como nuevo Director General, \u00bfqu\u00e9 medidas ha impulsado desde su llegada?<br>David Villarino: <\/strong>Asumo este desaf\u00edo profesional con enorme ilusi\u00f3n. Llevar el tim\u00f3n de una marca como Svenson es un reto, precisamente en este momento en el que el objetivo es hacerlo crecer y devolverle todo el brillo que ha tenido. Una vez incorporado, lo primero que hice fue tratar de comprender las peculiaridades de este sector, su evoluci\u00f3n durante los \u00faltimos a\u00f1os, sus perspectivas y realizar un an\u00e1lisis profundo del entorno y de la imagen que proyectamos. Estamos hablando de un sector que se ha transformado radicalmente durante los \u00faltimos a\u00f1os, tanto por la entrada de nuevos players como de otras posibilidades para los clientes. El sector ha crecido, pero tambi\u00e9n han aparecido otros competidores en un mercado muy fragmentado. Pasamos de ser el l\u00edder en un mercado peque\u00f1o a ser los m\u00e1s grandes en un mercado mucho m\u00e1s amplio, donde las din\u00e1micas competitivas han cambiado dr\u00e1sticamente. Nuestra fortaleza radica en ser la marca de referencia para los clientes, con una trayectoria consolidada y un reconocimiento que perdura.<\/p>\r\n\r\n\r\n\r\n<p><strong>\u00bfCu\u00e1l es la nueva hoja de ruta para esta nueva etapa de crecimiento del grupo?<br>DV: <\/strong>La hoja de ruta pasa por actualizar las palancas que en estos \u00faltimos a\u00f1os han evolucionado m\u00e1s r\u00e1pido que nosotros, y adaptarnos al nuevo mercado. Nos apoyaremos en los puntos hist\u00f3ricamente fuertes de Svenson, como son la calidad y experiencia de sus equipos, tanto a nivel comercial como a m\u00e9dico, la satisfacci\u00f3n de nuestros clientes, el m\u00e1s completo abanico de soluciones para cada caso y la distribuci\u00f3n geogr\u00e1fica de nuestros centros. Adem\u00e1s, estamos desarrollando operativas comerciales, herramientas t\u00e9cnicas y skills personales que profesionalicen a\u00fan m\u00e1s los equipos y los centros en la gesti\u00f3n de su d\u00eda a d\u00eda. Se trata de mejorar cada l\u00ednea de la cuenta y conseguir que la gesti\u00f3n sea integral.<\/p>\r\n\r\n\r\n\r\n<p><strong>Apuestan por el crecimiento org\u00e1nico e inorg\u00e1nico, \u00bfprev\u00e9n realizar compras?<br>DV: <\/strong>Nuestra principal apuesta es el crecimiento org\u00e1nico. Tenemos recorrido dentro de los centros y posibilidades de crecimiento en grandes ciudades. No obstante, no estamos cerrados a nada, aunque el objetivo principal de Svenson no es crecer a trav\u00e9s de grandes compras. Lo que est\u00e1 claro es que, si hubiera alg\u00fan tipo de concentraci\u00f3n en el sector, la columna vertebral de esos movimientos deber\u00eda ser Svenson, porque es el grupo que tiene la marca y los clientes.<\/p>\r\n\r\n\r\n\r\n<p><strong>JJN: <\/strong>El potencial de crecimiento de Svenson a nivel org\u00e1nico es enorme. Como dec\u00edamos no<br>es descartable que podamos abordar alguna adquisici\u00f3n si surgen oportunidades con car\u00e1cter oportunista, pero la prioridad ahora mismo es crecer a nivel org\u00e1nico. Si llegan esas oportunidades, las valoraremos de forma espec\u00edfica. No obstante, en cualquier estrategia de consolidaci\u00f3n o crecimiento, Svenson es, sin duda, un target atractivo.<\/p>\r\n\r\n\r\n\r\n<p><strong>La popularizaci\u00f3n del microinjerto y el auge del cuidado de la imagen personal \u00bfhan sofisticado el mercado?<br>DV: <\/strong>Sin duda. Una encuesta que acabamos de publicar refleja que el 62% de los espa\u00f1oles afirman estar preocupados por padecer alopecia o ca\u00edda del cabello. Y no solo se trata de una cuesti\u00f3n de est\u00e9tica, sino que lo relacionan con su confianza, su bienestar, e incluso con su salud mental. Los tratamientos capilares han sido durante mucho tiempo un tema tab\u00fa para muchos a nivel social, tambi\u00e9n en esto estamos en un momento de cambio dr\u00e1stico, que afecta a la percepci\u00f3n que tienen los clientes de nuestros servicios, as\u00ed como al motivo por el que lo contratan.<\/p>\r\n\r\n\r\n\r\n<p>En cualquier caso, aunque el microinjerto es el estandarte a nivel de comunicaci\u00f3n de este sector, nuestro abanico de soluciones es mucho m\u00e1s amplio.<\/p>\r\n\r\n\r\n\r\n<p><strong>Desde la entrada de NK5, \u00bfc\u00f3mo han cambiado los n\u00fameros de la compa\u00f1\u00eda?<br>MRT: <\/strong>En t\u00e9rminos comparables de ventas, el per\u00edmetro est\u00e1 cerca de un 30% por encima de los valores del a\u00f1o pasado y ahora estamos empezando a cosechar los frutos tanto de la inversi\u00f3n en publicidad realizada como del esfuerzo en disciplina de gastos y gesti\u00f3n. Vamos a llegar a final de a\u00f1o con ebitda positivo.<\/p>\r\n\r\n\r\n\r\n<p><strong>\u00bfCu\u00e1ndo tiene prevista NK5 su salida de la compa\u00f1\u00eda?<br>MRT: <\/strong>Entendemos que a\u00fan nos quedan un par de a\u00f1os. Svenson es la mejor plataforma de crecimiento del mercado con la marca m\u00e1s relevante y mejor distribuci\u00f3n de tratamientos. Somos el agregador natural. Nuestra salida tendr\u00eda sentido tanto para un private equity que quiera crecer o tener presencia en este segmento, como para un grupo industrial internacional con inter\u00e9s de entrar en el mercado espa\u00f1ol. No obstante, a\u00fan queda mucho recorrido en el proceso de creaci\u00f3n de valor derivado de la reestructuraci\u00f3n. Estamos centrados en volver a poner en valor la marca y de reposicionar la compa\u00f1\u00eda. Aqu\u00ed hay mucho valor.<\/p>\r\n","protected":false},"excerpt":{"rendered":"<p>NK5 adquiri\u00f3 Svenson tras un proceso que dur\u00f3 casi 8 meses, \u00bfcu\u00e1l fue la oferta final? Manuel Roca de Togores: El proceso fue m\u00e1s largo de lo que inicialmente esper\u00e1bamos. Entramos a analizar la compa\u00f1\u00eda a finales de octubre y en enero hicimos la oferta vinculante. Fue una oferta por la unidad productiva por alrededor [&hellip;]<\/p>\n","protected":false},"author":4,"featured_media":19577,"comment_status":"open","ping_status":"open","sticky":false,"template":"","format":"standard","meta":{"footnotes":""},"categories":[2],"tags":[],"acf":[],"yoast_head":"<!-- This site is optimized with the Yoast SEO plugin v22.6 - https:\/\/yoast.com\/wordpress\/plugins\/seo\/ -->\n<title>Svenson renace de la mano de NK5 - NK5<\/title>\n<meta name=\"description\" content=\"Hace poco m\u00e1s de un a\u00f1o, NK5 compr\u00f3 la unidad productiva de Svenson, en concurso de acreedores, por alrededor de \u20ac13M.\" \/>\n<meta name=\"robots\" content=\"index, follow, max-snippet:-1, max-image-preview:large, max-video-preview:-1\" \/>\n<link rel=\"canonical\" href=\"https:\/\/nk5.es\/en\/svenson-renace-de-la-mano-de-nk5\/\" \/>\n<meta property=\"og:locale\" content=\"en_US\" \/>\n<meta property=\"og:type\" content=\"article\" \/>\n<meta property=\"og:title\" content=\"Svenson renace de la mano de NK5 - NK5\" \/>\n<meta property=\"og:description\" content=\"Hace poco m\u00e1s de un a\u00f1o, NK5 compr\u00f3 la unidad productiva de Svenson, en concurso de acreedores, por alrededor de \u20ac13M.\" \/>\n<meta property=\"og:url\" content=\"https:\/\/nk5.es\/en\/svenson-renace-de-la-mano-de-nk5\/\" \/>\n<meta property=\"og:site_name\" content=\"NK5\" \/>\n<meta property=\"article:published_time\" content=\"2024-11-19T07:39:44+00:00\" \/>\n<meta property=\"article:modified_time\" content=\"2026-03-06T09:39:17+00:00\" \/>\n<meta property=\"og:image\" content=\"https:\/\/nk5.es\/wp-content\/uploads\/2024\/11\/NK5-Svenson.jpg\" \/>\n\t<meta property=\"og:image:width\" content=\"1910\" \/>\n\t<meta property=\"og:image:height\" content=\"1126\" \/>\n\t<meta property=\"og:image:type\" content=\"image\/jpeg\" \/>\n<meta name=\"author\" content=\"nacho.arrizabalaga@gmail.com\" \/>\n<meta name=\"twitter:card\" content=\"summary_large_image\" \/>\n<meta name=\"twitter:label1\" content=\"Written by\" \/>\n\t<meta name=\"twitter:data1\" content=\"nacho.arrizabalaga@gmail.com\" \/>\n\t<meta name=\"twitter:label2\" content=\"Est. reading time\" \/>\n\t<meta name=\"twitter:data2\" content=\"8 minutes\" \/>\n<script type=\"application\/ld+json\" class=\"yoast-schema-graph\">{\"@context\":\"https:\/\/schema.org\",\"@graph\":[{\"@type\":\"Article\",\"@id\":\"https:\/\/nk5.es\/en\/svenson-renace-de-la-mano-de-nk5\/#article\",\"isPartOf\":{\"@id\":\"https:\/\/nk5.es\/en\/svenson-renace-de-la-mano-de-nk5\/\"},\"author\":{\"name\":\"nacho.arrizabalaga@gmail.com\",\"@id\":\"https:\/\/nk5.es\/en\/#\/schema\/person\/6cea63848dc0d7f25c3e3af3bb2575e0\"},\"headline\":\"Svenson renace de la mano de NK5\",\"datePublished\":\"2024-11-19T07:39:44+00:00\",\"dateModified\":\"2026-03-06T09:39:17+00:00\",\"mainEntityOfPage\":{\"@id\":\"https:\/\/nk5.es\/en\/svenson-renace-de-la-mano-de-nk5\/\"},\"wordCount\":1712,\"commentCount\":0,\"publisher\":{\"@id\":\"https:\/\/nk5.es\/en\/#organization\"},\"image\":{\"@id\":\"https:\/\/nk5.es\/en\/svenson-renace-de-la-mano-de-nk5\/#primaryimage\"},\"thumbnailUrl\":\"https:\/\/nk5.es\/wp-content\/uploads\/2024\/11\/NK5-Svenson.jpg\",\"inLanguage\":\"en-US\",\"potentialAction\":[{\"@type\":\"CommentAction\",\"name\":\"Comment\",\"target\":[\"https:\/\/nk5.es\/en\/svenson-renace-de-la-mano-de-nk5\/#respond\"]}]},{\"@type\":\"WebPage\",\"@id\":\"https:\/\/nk5.es\/en\/svenson-renace-de-la-mano-de-nk5\/\",\"url\":\"https:\/\/nk5.es\/en\/svenson-renace-de-la-mano-de-nk5\/\",\"name\":\"Svenson renace de la mano de NK5 - NK5\",\"isPartOf\":{\"@id\":\"https:\/\/nk5.es\/en\/#website\"},\"primaryImageOfPage\":{\"@id\":\"https:\/\/nk5.es\/en\/svenson-renace-de-la-mano-de-nk5\/#primaryimage\"},\"image\":{\"@id\":\"https:\/\/nk5.es\/en\/svenson-renace-de-la-mano-de-nk5\/#primaryimage\"},\"thumbnailUrl\":\"https:\/\/nk5.es\/wp-content\/uploads\/2024\/11\/NK5-Svenson.jpg\",\"datePublished\":\"2024-11-19T07:39:44+00:00\",\"dateModified\":\"2026-03-06T09:39:17+00:00\",\"description\":\"Hace poco m\u00e1s de un a\u00f1o, NK5 compr\u00f3 la unidad productiva de Svenson, en concurso de acreedores, por alrededor de \u20ac13M.\",\"breadcrumb\":{\"@id\":\"https:\/\/nk5.es\/en\/svenson-renace-de-la-mano-de-nk5\/#breadcrumb\"},\"inLanguage\":\"en-US\",\"potentialAction\":[{\"@type\":\"ReadAction\",\"target\":[\"https:\/\/nk5.es\/en\/svenson-renace-de-la-mano-de-nk5\/\"]}]},{\"@type\":\"ImageObject\",\"inLanguage\":\"en-US\",\"@id\":\"https:\/\/nk5.es\/en\/svenson-renace-de-la-mano-de-nk5\/#primaryimage\",\"url\":\"https:\/\/nk5.es\/wp-content\/uploads\/2024\/11\/NK5-Svenson.jpg\",\"contentUrl\":\"https:\/\/nk5.es\/wp-content\/uploads\/2024\/11\/NK5-Svenson.jpg\",\"width\":1910,\"height\":1126,\"caption\":\"Svenson renace de la mano de NK5\"},{\"@type\":\"BreadcrumbList\",\"@id\":\"https:\/\/nk5.es\/en\/svenson-renace-de-la-mano-de-nk5\/#breadcrumb\",\"itemListElement\":[{\"@type\":\"ListItem\",\"position\":1,\"name\":\"Home\",\"item\":\"https:\/\/nk5.es\/en\/\"},{\"@type\":\"ListItem\",\"position\":2,\"name\":\"Svenson renace de la mano de NK5\"}]},{\"@type\":\"WebSite\",\"@id\":\"https:\/\/nk5.es\/en\/#website\",\"url\":\"https:\/\/nk5.es\/en\/\",\"name\":\"NK5\",\"description\":\"Reestructuraci\u00f3n empresarial y turnaround\",\"publisher\":{\"@id\":\"https:\/\/nk5.es\/en\/#organization\"},\"potentialAction\":[{\"@type\":\"SearchAction\",\"target\":{\"@type\":\"EntryPoint\",\"urlTemplate\":\"https:\/\/nk5.es\/en\/?s={search_term_string}\"},\"query-input\":\"required name=search_term_string\"}],\"inLanguage\":\"en-US\"},{\"@type\":\"Organization\",\"@id\":\"https:\/\/nk5.es\/en\/#organization\",\"name\":\"NK5 \u2013 Reestructuraci\u00f3n empresarial y turnaround\",\"url\":\"https:\/\/nk5.es\/en\/\",\"logo\":{\"@type\":\"ImageObject\",\"inLanguage\":\"en-US\",\"@id\":\"https:\/\/nk5.es\/en\/#\/schema\/logo\/image\/\",\"url\":\"https:\/\/nk5.es\/wp-content\/uploads\/2022\/06\/medios-nk5.jpg\",\"contentUrl\":\"https:\/\/nk5.es\/wp-content\/uploads\/2022\/06\/medios-nk5.jpg\",\"width\":960,\"height\":600,\"caption\":\"NK5 \u2013 Reestructuraci\u00f3n empresarial y turnaround\"},\"image\":{\"@id\":\"https:\/\/nk5.es\/en\/#\/schema\/logo\/image\/\"}},{\"@type\":\"Person\",\"@id\":\"https:\/\/nk5.es\/en\/#\/schema\/person\/6cea63848dc0d7f25c3e3af3bb2575e0\",\"name\":\"nacho.arrizabalaga@gmail.com\",\"image\":{\"@type\":\"ImageObject\",\"inLanguage\":\"en-US\",\"@id\":\"https:\/\/nk5.es\/en\/#\/schema\/person\/image\/\",\"url\":\"https:\/\/secure.gravatar.com\/avatar\/b96abf1f427d50f8ef93cb0286cf2f3d?s=96&d=mm&r=g\",\"contentUrl\":\"https:\/\/secure.gravatar.com\/avatar\/b96abf1f427d50f8ef93cb0286cf2f3d?s=96&d=mm&r=g\",\"caption\":\"nacho.arrizabalaga@gmail.com\"}}]}<\/script>\n<!-- \/ Yoast SEO plugin. -->","yoast_head_json":{"title":"Svenson renace de la mano de NK5 - NK5","description":"Hace poco m\u00e1s de un a\u00f1o, NK5 compr\u00f3 la unidad productiva de Svenson, en concurso de acreedores, por alrededor de \u20ac13M.","robots":{"index":"index","follow":"follow","max-snippet":"max-snippet:-1","max-image-preview":"max-image-preview:large","max-video-preview":"max-video-preview:-1"},"canonical":"https:\/\/nk5.es\/en\/svenson-renace-de-la-mano-de-nk5\/","og_locale":"en_US","og_type":"article","og_title":"Svenson renace de la mano de NK5 - NK5","og_description":"Hace poco m\u00e1s de un a\u00f1o, NK5 compr\u00f3 la unidad productiva de Svenson, en concurso de acreedores, por alrededor de \u20ac13M.","og_url":"https:\/\/nk5.es\/en\/svenson-renace-de-la-mano-de-nk5\/","og_site_name":"NK5","article_published_time":"2024-11-19T07:39:44+00:00","article_modified_time":"2026-03-06T09:39:17+00:00","og_image":[{"width":1910,"height":1126,"url":"https:\/\/nk5.es\/wp-content\/uploads\/2024\/11\/NK5-Svenson.jpg","type":"image\/jpeg"}],"author":"nacho.arrizabalaga@gmail.com","twitter_card":"summary_large_image","twitter_misc":{"Written by":"nacho.arrizabalaga@gmail.com","Est. reading time":"8 minutes"},"schema":{"@context":"https:\/\/schema.org","@graph":[{"@type":"Article","@id":"https:\/\/nk5.es\/en\/svenson-renace-de-la-mano-de-nk5\/#article","isPartOf":{"@id":"https:\/\/nk5.es\/en\/svenson-renace-de-la-mano-de-nk5\/"},"author":{"name":"nacho.arrizabalaga@gmail.com","@id":"https:\/\/nk5.es\/en\/#\/schema\/person\/6cea63848dc0d7f25c3e3af3bb2575e0"},"headline":"Svenson renace de la mano de NK5","datePublished":"2024-11-19T07:39:44+00:00","dateModified":"2026-03-06T09:39:17+00:00","mainEntityOfPage":{"@id":"https:\/\/nk5.es\/en\/svenson-renace-de-la-mano-de-nk5\/"},"wordCount":1712,"commentCount":0,"publisher":{"@id":"https:\/\/nk5.es\/en\/#organization"},"image":{"@id":"https:\/\/nk5.es\/en\/svenson-renace-de-la-mano-de-nk5\/#primaryimage"},"thumbnailUrl":"https:\/\/nk5.es\/wp-content\/uploads\/2024\/11\/NK5-Svenson.jpg","inLanguage":"en-US","potentialAction":[{"@type":"CommentAction","name":"Comment","target":["https:\/\/nk5.es\/en\/svenson-renace-de-la-mano-de-nk5\/#respond"]}]},{"@type":"WebPage","@id":"https:\/\/nk5.es\/en\/svenson-renace-de-la-mano-de-nk5\/","url":"https:\/\/nk5.es\/en\/svenson-renace-de-la-mano-de-nk5\/","name":"Svenson renace de la mano de NK5 - NK5","isPartOf":{"@id":"https:\/\/nk5.es\/en\/#website"},"primaryImageOfPage":{"@id":"https:\/\/nk5.es\/en\/svenson-renace-de-la-mano-de-nk5\/#primaryimage"},"image":{"@id":"https:\/\/nk5.es\/en\/svenson-renace-de-la-mano-de-nk5\/#primaryimage"},"thumbnailUrl":"https:\/\/nk5.es\/wp-content\/uploads\/2024\/11\/NK5-Svenson.jpg","datePublished":"2024-11-19T07:39:44+00:00","dateModified":"2026-03-06T09:39:17+00:00","description":"Hace poco m\u00e1s de un a\u00f1o, NK5 compr\u00f3 la unidad productiva de Svenson, en concurso de acreedores, por alrededor de \u20ac13M.","breadcrumb":{"@id":"https:\/\/nk5.es\/en\/svenson-renace-de-la-mano-de-nk5\/#breadcrumb"},"inLanguage":"en-US","potentialAction":[{"@type":"ReadAction","target":["https:\/\/nk5.es\/en\/svenson-renace-de-la-mano-de-nk5\/"]}]},{"@type":"ImageObject","inLanguage":"en-US","@id":"https:\/\/nk5.es\/en\/svenson-renace-de-la-mano-de-nk5\/#primaryimage","url":"https:\/\/nk5.es\/wp-content\/uploads\/2024\/11\/NK5-Svenson.jpg","contentUrl":"https:\/\/nk5.es\/wp-content\/uploads\/2024\/11\/NK5-Svenson.jpg","width":1910,"height":1126,"caption":"Svenson renace de la mano de NK5"},{"@type":"BreadcrumbList","@id":"https:\/\/nk5.es\/en\/svenson-renace-de-la-mano-de-nk5\/#breadcrumb","itemListElement":[{"@type":"ListItem","position":1,"name":"Home","item":"https:\/\/nk5.es\/en\/"},{"@type":"ListItem","position":2,"name":"Svenson renace de la mano de NK5"}]},{"@type":"WebSite","@id":"https:\/\/nk5.es\/en\/#website","url":"https:\/\/nk5.es\/en\/","name":"NK5","description":"Reestructuraci\u00f3n empresarial y turnaround","publisher":{"@id":"https:\/\/nk5.es\/en\/#organization"},"potentialAction":[{"@type":"SearchAction","target":{"@type":"EntryPoint","urlTemplate":"https:\/\/nk5.es\/en\/?s={search_term_string}"},"query-input":"required name=search_term_string"}],"inLanguage":"en-US"},{"@type":"Organization","@id":"https:\/\/nk5.es\/en\/#organization","name":"NK5 \u2013 Reestructuraci\u00f3n empresarial y turnaround","url":"https:\/\/nk5.es\/en\/","logo":{"@type":"ImageObject","inLanguage":"en-US","@id":"https:\/\/nk5.es\/en\/#\/schema\/logo\/image\/","url":"https:\/\/nk5.es\/wp-content\/uploads\/2022\/06\/medios-nk5.jpg","contentUrl":"https:\/\/nk5.es\/wp-content\/uploads\/2022\/06\/medios-nk5.jpg","width":960,"height":600,"caption":"NK5 \u2013 Reestructuraci\u00f3n empresarial y turnaround"},"image":{"@id":"https:\/\/nk5.es\/en\/#\/schema\/logo\/image\/"}},{"@type":"Person","@id":"https:\/\/nk5.es\/en\/#\/schema\/person\/6cea63848dc0d7f25c3e3af3bb2575e0","name":"nacho.arrizabalaga@gmail.com","image":{"@type":"ImageObject","inLanguage":"en-US","@id":"https:\/\/nk5.es\/en\/#\/schema\/person\/image\/","url":"https:\/\/secure.gravatar.com\/avatar\/b96abf1f427d50f8ef93cb0286cf2f3d?s=96&d=mm&r=g","contentUrl":"https:\/\/secure.gravatar.com\/avatar\/b96abf1f427d50f8ef93cb0286cf2f3d?s=96&d=mm&r=g","caption":"nacho.arrizabalaga@gmail.com"}}]}},"_links":{"self":[{"href":"https:\/\/nk5.es\/en\/wp-json\/wp\/v2\/posts\/22783"}],"collection":[{"href":"https:\/\/nk5.es\/en\/wp-json\/wp\/v2\/posts"}],"about":[{"href":"https:\/\/nk5.es\/en\/wp-json\/wp\/v2\/types\/post"}],"author":[{"embeddable":true,"href":"https:\/\/nk5.es\/en\/wp-json\/wp\/v2\/users\/4"}],"replies":[{"embeddable":true,"href":"https:\/\/nk5.es\/en\/wp-json\/wp\/v2\/comments?post=22783"}],"version-history":[{"count":1,"href":"https:\/\/nk5.es\/en\/wp-json\/wp\/v2\/posts\/22783\/revisions"}],"predecessor-version":[{"id":22784,"href":"https:\/\/nk5.es\/en\/wp-json\/wp\/v2\/posts\/22783\/revisions\/22784"}],"wp:featuredmedia":[{"embeddable":true,"href":"https:\/\/nk5.es\/en\/wp-json\/wp\/v2\/media\/19577"}],"wp:attachment":[{"href":"https:\/\/nk5.es\/en\/wp-json\/wp\/v2\/media?parent=22783"}],"wp:term":[{"taxonomy":"category","embeddable":true,"href":"https:\/\/nk5.es\/en\/wp-json\/wp\/v2\/categories?post=22783"},{"taxonomy":"post_tag","embeddable":true,"href":"https:\/\/nk5.es\/en\/wp-json\/wp\/v2\/tags?post=22783"}],"curies":[{"name":"wp","href":"https:\/\/api.w.org\/{rel}","templated":true}]}}